{"id":13324,"date":"2022-07-14T11:03:52","date_gmt":"2022-07-14T15:03:52","guid":{"rendered":"https:\/\/badmintonlachine.com\/2015\/?p=13324"},"modified":"2022-07-14T11:03:52","modified_gmt":"2022-07-14T15:03:52","slug":"presentation-de-notre-nouveau-directeur-general","status":"publish","type":"post","link":"https:\/\/badmintonlachine.com\/2015\/presentation-de-notre-nouveau-directeur-general\/","title":{"rendered":"Pr\u00e9sentation de notre nouveau directeur g\u00e9n\u00e9ral!"},"content":{"rendered":"\n\n\n<p style=\"font-weight: 400;\">Bonjour chers membres,<\/p>\n<p style=\"font-weight: 400;\">L\u2019\u00e9quipe de Badminton Lachine est tr\u00e8s heureuse d\u2019accueillir Jean-Samuel Lampron en tant que notre nouveau directeur g\u00e9n\u00e9ral!<\/p>\n<p><a href=\"https:\/\/badmintonlachine.com\/2015\/wp-content\/uploads\/2022\/07\/a4e043f1-4547-481f-9678-f417af5038f9.jpg\"><img loading=\"lazy\" decoding=\"async\" class=\"alignnone size-medium wp-image-13325\" src=\"https:\/\/badmintonlachine.com\/2015\/wp-content\/uploads\/2022\/07\/a4e043f1-4547-481f-9678-f417af5038f9-231x300.jpg\" alt=\"\" width=\"231\" height=\"300\" srcset=\"https:\/\/badmintonlachine.com\/2015\/wp-content\/uploads\/2022\/07\/a4e043f1-4547-481f-9678-f417af5038f9-231x300.jpg 231w, https:\/\/badmintonlachine.com\/2015\/wp-content\/uploads\/2022\/07\/a4e043f1-4547-481f-9678-f417af5038f9.jpg 615w\" sizes=\"auto, (max-width: 231px) 100vw, 231px\" \/><\/a><\/p>\n<p style=\"font-weight: 400;\">Ayant de l\u2019exp\u00e9rience en planification d\u2019\u00e9v\u00e8nements communautaires, ainsi qu\u2019en gestion de projet d\u2019organismes culturels, sportifs, d\u2019engagement communautaire et \u00e0 but non lucratif, nous sommes convaincus que Jean-Samuel sera un atout \u00e0 l\u2019\u00e9quipe.<\/p>\n<p style=\"font-weight: 400;\">De plus, Jean-Samuel est un passionn\u00e9 de sport et surtout du Badminton, y ayant jou\u00e9 4 ans au niveau secondaire, 3 ans dans un club et 3 ans au C\u00e9gep de Sherbrooke. Il a \u00e9galement \u00e9t\u00e9 entra\u00eeneur de badminton pendant 4 ans.<\/p>\n<p style=\"font-weight: 400;\">Il est parmi nous depuis le 13 juin, et le sera pour la saison prochaine.<\/p>\n<p style=\"font-weight: 400;\">Bienvenue au club Jean-Samuel!<\/p>\n<p style=\"font-weight: 400;\">***<\/p>\n<p style=\"font-weight: 400;\">Hello dear members,<\/p>\n<p style=\"font-weight: 400;\">The team of Badminton Lachine is very happy to welcome Jean-Samuel Lampron as our new General Manager!<\/p>\n<p><a href=\"https:\/\/badmintonlachine.com\/2015\/wp-content\/uploads\/2022\/07\/a4e043f1-4547-481f-9678-f417af5038f9.jpg\"><img loading=\"lazy\" decoding=\"async\" class=\"alignnone size-medium wp-image-13325\" src=\"https:\/\/badmintonlachine.com\/2015\/wp-content\/uploads\/2022\/07\/a4e043f1-4547-481f-9678-f417af5038f9-231x300.jpg\" alt=\"\" width=\"231\" height=\"300\" srcset=\"https:\/\/badmintonlachine.com\/2015\/wp-content\/uploads\/2022\/07\/a4e043f1-4547-481f-9678-f417af5038f9-231x300.jpg 231w, https:\/\/badmintonlachine.com\/2015\/wp-content\/uploads\/2022\/07\/a4e043f1-4547-481f-9678-f417af5038f9.jpg 615w\" sizes=\"auto, (max-width: 231px) 100vw, 231px\" \/><\/a><\/p>\n<p style=\"font-weight: 400;\">With experience in planning community events, as well as project management for cultural, sports, community engagement and non-profit organizations, we are convinced that Jean-Samuel will be an asset to the team.<\/p>\n<p style=\"font-weight: 400;\">In addition, Jean-Samuel is passionate about sports and especially badminton, having played for 4 years at the secondary level, 3 years in a club and 3 years at the C\u00e9gep de Sherbrooke. He was also a badminton coach for 4 years.<\/p>\n<p style=\"font-weight: 400;\">He has been with us since June 13<sup>th<\/sup> and will be for next season.<\/p>\n<p style=\"font-weight: 400;\">Welcome to the club Jean-Samuel!<\/p>\n","protected":false},"excerpt":{"rendered":"<p>Bonjour chers membres, L\u2019\u00e9quipe de Badminton Lachine est tr\u00e8s heureuse d\u2019accueillir Jean-Samuel Lampron en tant que notre nouveau directeur g\u00e9n\u00e9ral! Ayant de l\u2019exp\u00e9rience en planification d\u2019\u00e9v\u00e8nements communautaires, ainsi qu\u2019en gestion de projet d\u2019organismes culturels, sportifs, d\u2019engagement communautaire et \u00e0 but non lucratif, nous sommes convaincus que Jean-Samuel sera un atout \u00e0 l\u2019\u00e9quipe. De plus, Jean-Samuel<a href=\"https:\/\/badmintonlachine.com\/2015\/presentation-de-notre-nouveau-directeur-general\/\">[&#8230;]<\/a><\/p>\n","protected":false},"author":58,"featured_media":13326,"comment_status":"closed","ping_status":"open","sticky":false,"template":"","format":"standard","meta":{"footnotes":""},"categories":[13],"tags":[],"class_list":["post-13324","post","type-post","status-publish","format-standard","has-post-thumbnail","hentry","category-general"],"_links":{"self":[{"href":"https:\/\/badmintonlachine.com\/2015\/wp-json\/wp\/v2\/posts\/13324","targetHints":{"allow":["GET"]}}],"collection":[{"href":"https:\/\/badmintonlachine.com\/2015\/wp-json\/wp\/v2\/posts"}],"about":[{"href":"https:\/\/badmintonlachine.com\/2015\/wp-json\/wp\/v2\/types\/post"}],"author":[{"embeddable":true,"href":"https:\/\/badmintonlachine.com\/2015\/wp-json\/wp\/v2\/users\/58"}],"replies":[{"embeddable":true,"href":"https:\/\/badmintonlachine.com\/2015\/wp-json\/wp\/v2\/comments?post=13324"}],"version-history":[{"count":1,"href":"https:\/\/badmintonlachine.com\/2015\/wp-json\/wp\/v2\/posts\/13324\/revisions"}],"predecessor-version":[{"id":13327,"href":"https:\/\/badmintonlachine.com\/2015\/wp-json\/wp\/v2\/posts\/13324\/revisions\/13327"}],"wp:featuredmedia":[{"embeddable":true,"href":"https:\/\/badmintonlachine.com\/2015\/wp-json\/wp\/v2\/media\/13326"}],"wp:attachment":[{"href":"https:\/\/badmintonlachine.com\/2015\/wp-json\/wp\/v2\/media?parent=13324"}],"wp:term":[{"taxonomy":"category","embeddable":true,"href":"https:\/\/badmintonlachine.com\/2015\/wp-json\/wp\/v2\/categories?post=13324"},{"taxonomy":"post_tag","embeddable":true,"href":"https:\/\/badmintonlachine.com\/2015\/wp-json\/wp\/v2\/tags?post=13324"}],"curies":[{"name":"wp","href":"https:\/\/api.w.org\/{rel}","templated":true}]}}